{"id":71147,"date":"2026-09-03T14:16:17","date_gmt":"2026-09-03T12:16:17","guid":{"rendered":"https:\/\/agalerii.ee\/?p=71147"},"modified":"2026-09-04T07:17:41","modified_gmt":"2026-09-04T05:17:41","slug":"a-galerii-at-the-3rd-lisbon-contemporary-jewellery-biennial","status":"publish","type":"post","link":"https:\/\/agalerii.ee\/en\/a-galerii-at-the-3rd-lisbon-contemporary-jewellery-biennial\/","title":{"rendered":"A-Galerii at the 3rd Lisbon Contemporary Jewellery Biennial"},"content":{"rendered":"\n<figure class=\"posts-carousel wp-block-gallery  columns-2 is-cropped\">\n<figure class=\"gallery-item wp-block-image size-large\"><img loading=\"lazy\" decoding=\"async\" width=\"768\" height=\"1024\" data-id=\"71157\" src=\"https:\/\/agalerii.ee\/wp-content\/uploads\/2026\/09\/BIENAL_CARTAZ-JEWELLERY-ROOM2-1-768x1024.jpg\" alt=\"\" class=\"wp-image-71157\" srcset=\"https:\/\/agalerii.ee\/wp-content\/uploads\/2026\/09\/BIENAL_CARTAZ-JEWELLERY-ROOM2-1-768x1024.jpg 768w, https:\/\/agalerii.ee\/wp-content\/uploads\/2026\/09\/BIENAL_CARTAZ-JEWELLERY-ROOM2-1-225x300.jpg 225w, https:\/\/agalerii.ee\/wp-content\/uploads\/2026\/09\/BIENAL_CARTAZ-JEWELLERY-ROOM2-1-1152x1536.jpg 1152w, https:\/\/agalerii.ee\/wp-content\/uploads\/2026\/09\/BIENAL_CARTAZ-JEWELLERY-ROOM2-1-1536x2048.jpg 1536w, https:\/\/agalerii.ee\/wp-content\/uploads\/2026\/09\/BIENAL_CARTAZ-JEWELLERY-ROOM2-1-416x555.jpg 416w, https:\/\/agalerii.ee\/wp-content\/uploads\/2026\/09\/BIENAL_CARTAZ-JEWELLERY-ROOM2-1-scaled.jpg 1920w\" sizes=\"auto, (max-width: 768px) 100vw, 768px\" \/><\/figure>\n\n\n\n<figure class=\"gallery-item wp-block-image size-large\"><img loading=\"lazy\" decoding=\"async\" width=\"768\" height=\"1024\" data-id=\"71158\" src=\"https:\/\/agalerii.ee\/wp-content\/uploads\/2026\/09\/BIENAL_CARTAZ-JEWELLERY-ROOM-1-768x1024.jpg\" alt=\"\" class=\"wp-image-71158\" srcset=\"https:\/\/agalerii.ee\/wp-content\/uploads\/2026\/09\/BIENAL_CARTAZ-JEWELLERY-ROOM-1-768x1024.jpg 768w, https:\/\/agalerii.ee\/wp-content\/uploads\/2026\/09\/BIENAL_CARTAZ-JEWELLERY-ROOM-1-225x300.jpg 225w, https:\/\/agalerii.ee\/wp-content\/uploads\/2026\/09\/BIENAL_CARTAZ-JEWELLERY-ROOM-1-1152x1536.jpg 1152w, https:\/\/agalerii.ee\/wp-content\/uploads\/2026\/09\/BIENAL_CARTAZ-JEWELLERY-ROOM-1-1536x2048.jpg 1536w, https:\/\/agalerii.ee\/wp-content\/uploads\/2026\/09\/BIENAL_CARTAZ-JEWELLERY-ROOM-1-416x555.jpg 416w, https:\/\/agalerii.ee\/wp-content\/uploads\/2026\/09\/BIENAL_CARTAZ-JEWELLERY-ROOM-1-scaled.jpg 1920w\" sizes=\"auto, (max-width: 768px) 100vw, 768px\" \/><\/figure>\n<\/figure>\n\n\n\n<p class=\"wp-block-paragraph\">This September, the 3rd Lisbon Contemporary Jewellery Biennial, <em>Coexistences<\/em> (<em>Coexist\u00eancias<\/em>), will take place across several venues, including the 17th-century Convento dos Cardaes in the city\u2019s historic centre. From 25\u201327 September, A-Galerii will take part in the biennial\u2019s showroom programme there, presenting a selection of contemporary Estonian jewellery supported by the Estonian Ministry of Culture through its <em>Estonian Culture in the World<\/em> grant programme. An exhibition \u201cAt the Beginning of the Future\u201d brings together the work of 12 Estonian jewellery artists and is curated by Sille Luiga. Responding to the biennial\u2019s central theme of coexistence, the display explores how humans, nature and technology might inhabit the future and what new relationships might emerge between them.<\/p>\n\n\n\n<p class=\"wp-block-paragraph\">\u201cAt the Beginning of the Future\u201d approaches jewellery as a means of imagining possible worlds. Abstract, architectural forms mingle with organic ones, creating the foundations for an alternative miniature ecosystem. Together, the works form a kind of speculative landscape in which humans, plants, insects, minerals, technology and artificial intelligence exist in new and as-yet undefined relationships.<\/p>\n\n\n\n<p class=\"wp-block-paragraph\">Jewellery\u2019s particular quality lies in its proximity to the body. By deliberately shifting and unsettling this intimate scale, the exhibition raises questions that extend beyond the individual object: how might we imagine a world that reaches beyond humanity\u2019s existing ambitions? What kinds of relationships do we want, and with which companions do we wish to share an ever-expanding future?<\/p>\n\n\n\n<p class=\"wp-block-paragraph\">Here, jewellery becomes a means of exploration, at times almost magical in nature, through which different values, identities and new forms of coexistence can be imagined and tested. Rather than simply reflecting the world as it is, the works propose jewellery as a space for speculating on what the world might become.<\/p>\n\n\n\n<p class=\"wp-block-paragraph\">\u201cAt the Beginning of the Future\u201d brings together artists from different generations whose practices share a desire to approach jewellery as more than a decorative object. Their works are inviting the viewer to pause and imagine a future that is not yet fully formed, but is already beginning to take shape.<\/p>\n\n\n\n<p class=\"wp-block-paragraph\">Participating artists:<br>Kaia Ansip (EST\/PRT), Valdek Laur (EST), Keiu Koppel (EST), Kadi K\u00fcbarsepp (EST), Margit Paulin (EST), Liisbeth Kirss (EST), Katrin Kosenkranius (EST), Raili Vinn (EST), Mari P\u00e4rtelpoeg (EST), Elis Liivo (EST), Kati Erme (EST), T\u00f5nis Malkov (EST)<\/p>\n","protected":false},"excerpt":{"rendered":"<p>This September, the 3rd Lisbon Contemporary Jewellery Biennial, Coexistences (Coexist\u00eancias), will take place across several venues, including the 17th-century Convento dos Cardaes in the city\u2019s historic centre. From 25\u201327 September, A-Galerii will take part in the biennial\u2019s showroom programme there, presenting a selection of contemporary Estonian jewellery supported by the Estonian Ministry of Culture through [&hellip;]<\/p>\n","protected":false},"author":258,"featured_media":71151,"comment_status":"closed","ping_status":"closed","sticky":false,"template":"","format":"standard","meta":{"_acf_changed":false,"footnotes":""},"categories":[17],"tags":[638,2032,324,1600,2017,427,1584,453,454,160,301,396,1263,1628],"class_list":["post-71147","post","type-post","status-publish","format-standard","has-post-thumbnail","hentry","category-uudised","tag-a-gallery-en","tag-elis-liivo-en","tag-kadi-kybarsepp-en","tag-kaia-ansip-en","tag-kati-erme-en","tag-katrin-kosenkranius-en","tag-keiu-koppel-en","tag-liisbeth-kirss-en","tag-margit-paulin-en","tag-mari-partelpoeg-en","tag-raili-vinn-en","tag-sille-luiga-en","tag-tonis-malkov-en","tag-valdek-laur-en"],"acf":[],"_links":{"self":[{"href":"https:\/\/agalerii.ee\/en\/wp-json\/wp\/v2\/posts\/71147","targetHints":{"allow":["GET"]}}],"collection":[{"href":"https:\/\/agalerii.ee\/en\/wp-json\/wp\/v2\/posts"}],"about":[{"href":"https:\/\/agalerii.ee\/en\/wp-json\/wp\/v2\/types\/post"}],"author":[{"embeddable":true,"href":"https:\/\/agalerii.ee\/en\/wp-json\/wp\/v2\/users\/258"}],"replies":[{"embeddable":true,"href":"https:\/\/agalerii.ee\/en\/wp-json\/wp\/v2\/comments?post=71147"}],"version-history":[{"count":2,"href":"https:\/\/agalerii.ee\/en\/wp-json\/wp\/v2\/posts\/71147\/revisions"}],"predecessor-version":[{"id":71162,"href":"https:\/\/agalerii.ee\/en\/wp-json\/wp\/v2\/posts\/71147\/revisions\/71162"}],"wp:featuredmedia":[{"embeddable":true,"href":"https:\/\/agalerii.ee\/en\/wp-json\/wp\/v2\/media\/71151"}],"wp:attachment":[{"href":"https:\/\/agalerii.ee\/en\/wp-json\/wp\/v2\/media?parent=71147"}],"wp:term":[{"taxonomy":"category","embeddable":true,"href":"https:\/\/agalerii.ee\/en\/wp-json\/wp\/v2\/categories?post=71147"},{"taxonomy":"post_tag","embeddable":true,"href":"https:\/\/agalerii.ee\/en\/wp-json\/wp\/v2\/tags?post=71147"}],"curies":[{"name":"wp","href":"https:\/\/api.w.org\/{rel}","templated":true}]}}